{"id":7,"date":"2015-05-22T13:56:47","date_gmt":"2015-05-22T12:56:47","guid":{"rendered":"http:\/\/shglb.iftsn.com\/?p=7"},"modified":"2015-05-22T14:01:35","modified_gmt":"2015-05-22T13:01:35","slug":"la-rue-rene-pinot-saint-pierre-les-becquets","status":"publish","type":"post","link":"https:\/\/shglb.com\/index.php\/2015\/05\/22\/la-rue-rene-pinot-saint-pierre-les-becquets\/","title":{"rendered":"La rue Ren\u00e9-Pinot (Saint-Pierre-les-Becquets)"},"content":{"rendered":"<p style=\"text-align: center;\"><strong>La rue Ren\u00e9-Pinot.<\/strong><\/p>\n<p>Ren\u00e9 Pinot (Pineau), dit Descheneaux, ou Laperle, est n\u00e9 le 11 ao\u00fbt 1675, \u00e0 Sainte-Anne de la P\u00e9rade, et fut baptis\u00e9 \u00e0 Trois-Rivi\u00e8res; il \u00e9tait le fils de Pierre Pinot et de Anne Boyer.<\/p>\n<p>Il \u00e9pousa Catherine Janvier le 28 f\u00e9vrier 1705, \u00e0 Sainte-Anne de la P\u00e9rade.<br \/>\nLe 16 ao\u00fbt suivant, venaient au monde des jumeaux, Jean-Baptiste et Ren\u00e9, apr\u00e8s une courte grossesse de 5 mois et demi.<\/p>\n<p>Les archives de Batiscan(1) nous apprennent que le 20 juillet 1710 \u00ab est n\u00e9 un fils du mariage de Ren\u00e9 Pinot, habitant de la seigneurie de Saint-Pierre, et de Catherine Janvier, \u00e9tant en danger de mort il a est\u00e9 ondoy\u00e9 \u00e0 la maison par Jean Baril, habitant de Batiscan, et le 23 juillet suivant a \u00e9t\u00e9 baptis\u00e9 et il a \u00e9t\u00e9 nomm\u00e9 Claude \u00bb. Ce bapt\u00eame a eu lieu \u00e0 Batiscan, car il n\u2019y avait pas de lieu de culte \u00e0 cette \u00e9poque \u00e0 Saint-Pierre; des religieux itin\u00e9rants entre autres le cur\u00e9 J. Voyer de Sainte-Anne de la P\u00e9rade, y sont venus faire des c\u00e9l\u00e9brations pendant plusieurs ann\u00e9es. Il semble que ce fut la premi\u00e8re naissance \u00e0 Saint-Pierre.<\/p>\n<p>Dans le m\u00eame registre des bapt\u00eames de Batiscan on peut lire : \u00ab Le 7 d\u00e9cembre de l\u2019ann\u00e9e 1710, dans la coste de Saint-Pierre qui est \u00e0 l\u2019oppos\u00e9 de Batiscan, est n\u00e9e une fille du mariage l\u00e9gitime de Pierre Masson et de Catherine Fran\u00e7ois, et a \u00e9t\u00e9 ondoy\u00e9e \u00e0 la maison le m\u00eame jour par Ren\u00e9 Pinot, et le 23 avril 1711, ils l\u2019ont apport\u00e9e \u00e0 Batiscan ne l\u2019ayant pas pu plus tost \u00e0 cause que, la rivi\u00e8re n\u2019estant pas prise, ils ne pouvaient traverser\u00bb. Le r\u00e9chauffement climatique \u00e9tait d\u00e9j\u00e0 amor\u00e7\u00e9!<\/p>\n<p><img decoding=\"async\" src=\"https:\/\/shglb.com\/Rene%20Pinot.jpg\" alt=\"\" \/><\/p>\n<p>Sur la carte dress\u00e9e par le sieur de Catalogne (2), en 1709, on peut voir l\u2019emplacement conc\u00e9d\u00e9 \u00e0 Ren\u00e9 Pinot ,d\u00e9sign\u00e9 sous le nom de Ren\u00e9 Laperle (Pineau), par Pierre Masson, qui se disait \u00ab seigneur de la C\u00f4te Saint-Pierre \u00bb. Cependant, nous ne croyons pas que la famille Pinot, la deuxi\u00e8me \u00e0 s\u2019\u00e9tablir \u00e0 Saint-Pierre se soit enracin\u00e9e dans la seigneurie.<\/p>\n<p>Cet article est d\u00e9di\u00e9 aux r\u00e9sidants de la rue Ren\u00e9-Pinot, en particulier \u00e0 mon ami et beau-fr\u00e8re Jean-Lorrain Lafond.<\/p>\n<p>Alain Manset, soci\u00e9t\u00e9 d\u2019histoire et de g\u00e9n\u00e9alogie L\u00e9vrard-Becquet<\/p>\n<p>(1) M\u00e9moires de la soci\u00e9t\u00e9 g\u00e9n\u00e9alogique Canadienne-Fran\u00e7aise, Raymond Douville, janvier 1947 pp 132-141<br \/>\n(2) Carte du sieur Catalogne, 1709<\/p>\n<p>&nbsp;<\/p>\n","protected":false},"excerpt":{"rendered":"<p>La rue Ren\u00e9-Pinot. Ren\u00e9 Pinot (Pineau), dit Descheneaux, ou Laperle, est n\u00e9 le 11 ao\u00fbt 1675, \u00e0 Sainte-Anne de la P\u00e9rade, et fut baptis\u00e9 \u00e0 Trois-Rivi\u00e8res; il \u00e9tait le fils de Pierre Pinot et de Anne Boyer. Il \u00e9pousa Catherine Janvier le 28 f\u00e9vrier 1705, \u00e0 Sainte-Anne de la P\u00e9rade. Le 16 ao\u00fbt suivant, venaient [&hellip;]<\/p>\n","protected":false},"author":2,"featured_media":0,"comment_status":"open","ping_status":"open","sticky":false,"template":"","format":"standard","meta":{"footnotes":""},"categories":[4,3],"tags":[5],"class_list":["post-7","post","type-post","status-publish","format-standard","hentry","category-chemins-et-routes","category-communications","tag-rue-rene-pinot"],"_links":{"self":[{"href":"https:\/\/shglb.com\/index.php\/wp-json\/wp\/v2\/posts\/7","targetHints":{"allow":["GET"]}}],"collection":[{"href":"https:\/\/shglb.com\/index.php\/wp-json\/wp\/v2\/posts"}],"about":[{"href":"https:\/\/shglb.com\/index.php\/wp-json\/wp\/v2\/types\/post"}],"author":[{"embeddable":true,"href":"https:\/\/shglb.com\/index.php\/wp-json\/wp\/v2\/users\/2"}],"replies":[{"embeddable":true,"href":"https:\/\/shglb.com\/index.php\/wp-json\/wp\/v2\/comments?post=7"}],"version-history":[{"count":2,"href":"https:\/\/shglb.com\/index.php\/wp-json\/wp\/v2\/posts\/7\/revisions"}],"predecessor-version":[{"id":9,"href":"https:\/\/shglb.com\/index.php\/wp-json\/wp\/v2\/posts\/7\/revisions\/9"}],"wp:attachment":[{"href":"https:\/\/shglb.com\/index.php\/wp-json\/wp\/v2\/media?parent=7"}],"wp:term":[{"taxonomy":"category","embeddable":true,"href":"https:\/\/shglb.com\/index.php\/wp-json\/wp\/v2\/categories?post=7"},{"taxonomy":"post_tag","embeddable":true,"href":"https:\/\/shglb.com\/index.php\/wp-json\/wp\/v2\/tags?post=7"}],"curies":[{"name":"wp","href":"https:\/\/api.w.org\/{rel}","templated":true}]}}