{"id":1181,"date":"2019-03-25T10:09:47","date_gmt":"2019-03-25T14:09:47","guid":{"rendered":"http:\/\/www.shglb.com\/?p=1181"},"modified":"2019-04-12T09:41:28","modified_gmt":"2019-04-12T13:41:28","slug":"1672-ou-1679","status":"publish","type":"post","link":"https:\/\/shglb.com\/index.php\/2019\/03\/25\/1672-ou-1679\/","title":{"rendered":"1672 ou 1679?"},"content":{"rendered":"\n<p><strong>La seigneurie L\u00e9vrard-Becquet a-t-elle \u00e9t\u00e9 conc\u00e9d\u00e9e en 1672 ou 1679?<\/strong><\/p>\n\n\n\n<p>La tradition veut que la\nconcession de la seigneurie de St-Pierre ait \u00e9t\u00e9 accord\u00e9e en 1672; cette date\nest inscrite un peu partout, sites d\u2019histoire, livres savants, pancartes \u00e0\nl\u2019entr\u00e9e de municipalit\u00e9.<\/p>\n\n\n\n<p>Cette date est exacte en ce qui\nconcerne le premier fief ou seigneurie accord\u00e9e \u00e0 Romain Becquet, l\u2019\u00eele Madame,\nune petite \u00eele situ\u00e9e au sud-est de l\u2019\u00eele d\u2019Orl\u00e9ans, et appartenant\nactuellement \u00e0 Laurent Beaudoin, b\u00e2tisseur de la multinationale Bombardier.\nCependant, l\u2019examen des documents montre que la date de 1679 est la seule\nvalable pour la seigneurie L\u00e9vrard-Becquet.<\/p>\n\n\n\n<p>En effet, nous n\u2019avons jamais\ntrouv\u00e9 d\u2019acte de concession dat\u00e9 de 1672, que ce soit aupr\u00e8s de la BANQ ou des\narchives d\u2019Ottawa; des recherches dans les archives du conseil souverain et\naupr\u00e8s des archives nationales de France sont rest\u00e9es st\u00e9riles; les documents\navaient \u00e9t\u00e9 \u00e9gar\u00e9s (cela arrive aussi de nos jours) et les historiens se sont\nfi\u00e9s \u00e0 des actes de confirmation de concession lus rapidement &nbsp;pour maintenir cette affirmation.<\/p>\n\n\n\n<p>En 1680, une confirmation de\nconcession a \u00e9t\u00e9 faite par Duchesneau; \u00e0 noter que plusieurs seigneuries ont\n\u00e9t\u00e9 reconfirm\u00e9es \u00e0 cette occasion, sans d\u00e9tailler les emplacements<\/p>\n\n\n\n<p>Sa Majest\u00e9 Louis XIV confirme les\nconcessions faites \u00e0 un bon nombre (plus de deux douzaines) de seigneurs entre\nle 12 octobre <strong>1676<\/strong> et le 5 septembre\n<strong>1679<\/strong> et cite la seigneurie de Romain\nBecquet sans la d\u00e9crire en d\u00e9tail.<\/p>\n\n\n\n<p>Voici les deux pages du document\nde 1680 avec la transcription en fran\u00e7ais actuel; d\u00e9chiffrer le document\noriginal pr\u00e9sente une certaine difficult\u00e9!<\/p>\n\n\n\n<div class=\"wp-block-media-text alignwide\" style=\"grid-template-columns:98% auto\"><figure class=\"wp-block-media-text__media\"><img loading=\"lazy\" decoding=\"async\" width=\"726\" height=\"781\" src=\"https:\/\/shglb.com\/wp-content\/uploads\/Acte-de-confirmation-de-concession-1680-1...jpg\" alt=\"\" class=\"wp-image-1192\" srcset=\"https:\/\/shglb.com\/wp-content\/uploads\/Acte-de-confirmation-de-concession-1680-1...jpg 726w, https:\/\/shglb.com\/wp-content\/uploads\/Acte-de-confirmation-de-concession-1680-1..-279x300.jpg 279w\" sizes=\"auto, (max-width: 726px) 100vw, 726px\" \/><\/figure><div class=\"wp-block-media-text__content\">\n<p class=\"has-large-font-size\"><\/p>\n<\/div><\/div>\n\n\n\n<figure class=\"wp-block-image\"><img loading=\"lazy\" decoding=\"async\" width=\"696\" height=\"394\" src=\"https:\/\/shglb.com\/wp-content\/uploads\/Acte-de-confirmation-de-concession-1680-2....jpg\" alt=\"\" class=\"wp-image-1193\" srcset=\"https:\/\/shglb.com\/wp-content\/uploads\/Acte-de-confirmation-de-concession-1680-2....jpg 696w, https:\/\/shglb.com\/wp-content\/uploads\/Acte-de-confirmation-de-concession-1680-2...-300x170.jpg 300w\" sizes=\"auto, (max-width: 696px) 100vw, 696px\" \/><\/figure>\n\n\n\n<figure class=\"wp-block-image\"><img loading=\"lazy\" decoding=\"async\" width=\"658\" height=\"807\" src=\"https:\/\/shglb.com\/wp-content\/uploads\/transcription-confirmation-de-concessions-1680.jpg\" alt=\"\" class=\"wp-image-1194\" srcset=\"https:\/\/shglb.com\/wp-content\/uploads\/transcription-confirmation-de-concessions-1680.jpg 658w, https:\/\/shglb.com\/wp-content\/uploads\/transcription-confirmation-de-concessions-1680-245x300.jpg 245w\" sizes=\"auto, (max-width: 658px) 100vw, 658px\" \/><\/figure>\n\n\n\n<p>Romain Becquet \u00e9tant d\u00e9c\u00e9d\u00e9 le 20 avril 1682 sans avoir rempli ses obligations de seigneur, (d\u00e9velopper, peupler et mettre en valeur le territoire accord\u00e9), ses concessions lui ont \u00e9t\u00e9 retir\u00e9es le 12 mars 1683.<\/p>\n\n\n\n<figure class=\"wp-block-image is-resized\"><img loading=\"lazy\" decoding=\"async\" src=\"https:\/\/shglb.com\/wp-content\/uploads\/Acte-de-retrait-de-concession-de-seigneurie.jpg\" alt=\"\" class=\"wp-image-1195\" width=\"634\" height=\"965\" srcset=\"https:\/\/shglb.com\/wp-content\/uploads\/Acte-de-retrait-de-concession-de-seigneurie.jpg 573w, https:\/\/shglb.com\/wp-content\/uploads\/Acte-de-retrait-de-concession-de-seigneurie-197x300.jpg 197w\" sizes=\"auto, (max-width: 634px) 100vw, 634px\" \/><\/figure>\n\n\n\n<p>En voici la transcription en\n(presque) clair<\/p>\n\n\n\n<p>1683<\/p>\n\n\n\n<p>&#8221; Les sieurs le Febvre de la Barre, seigneur dudit lieu conseiller du Roy<\/p>\n\n\n\n<p>En ses conseils, &nbsp;gouverneur et son lieutenant g\u00e9n\u00e9ral en toutes\nles&nbsp; terres de la Nouvelle-<\/p>\n\n\n\n<p>France et Acadie et de Meulle\nseigneur de la&nbsp; Source chevalier conseiller\ndu Roy<\/p>\n\n\n\n<p>En sa condition d\u2019intendant de la\njustice, police et finances \u2026au dit roi<\/p>\n\n\n\n<p>A tous ceux qui ces&nbsp; pr\u00e9sentes lettres verront, Salut!&nbsp; \u00c0 savoir faisons<\/p>\n\n\n\n<p>Que sur ce qu\u2019il nous avise dit que <strong>d\u00e9funt Romain Becquet<\/strong>\u2026notaire royal<\/p>\n\n\n\n<p>En cette ville aurait obtenu une\nconcession dudit Talon ci-devant intendant<\/p>\n\n\n\n<p>De ce pays en l\u2019ann\u00e9e 1672 une petite\nile appel\u00e9e Madame situ\u00e9e<\/p>\n\n\n\n<p>Au sud de ile du Comt\u00e9 de\nSaint-Laurent d\u2019une lieue de tour ou <\/p>\n\n\n\n<p>Environ avec le droit de chasse et de\np\u00eache dans le fleuve St-Laurent<\/p>\n\n\n\n<p>Autour de la dite ile icelle en fief\net seigneurie; il aurait pareillement<\/p>\n\n\n\n<p>\u00c9t\u00e9 conc\u00e9d\u00e9 au dit sieur Becquet en\nl\u2019ann\u00e9e 1679&nbsp; par Messieurs le comte <\/p>\n\n\n\n<p>De Frontenac et Duchesneau ci devant\ngouverneur et intendant<\/p>\n\n\n\n<p>De ce dit pays une \u00e9tendue de terre\nde deux lieues ou environ sur<\/p>\n\n\n\n<p>Ledit&nbsp;\nfleuve Saint-Laurent du c\u00f4t\u00e9 du sud et g\u00e9n\u00e9ralement ce qui<\/p>\n\n\n\n<p>Se rencontre entre la seigneurie de\nGentilly&nbsp; et celle de<\/p>\n\n\n\n<p>L\u2019\u00c9chaillon avec les iles en batture\nqui sont dans le dit fleuve<\/p>\n\n\n\n<p>Au devant dudit espace avec les m\u00eames\ndroits de chasse et de <\/p>\n\n\n\n<p>p\u00eache dans l\u2019\u00e9tendue des dits lieux\nle tout en titre de seigneurie<\/p>\n\n\n\n<p>fief, seigneurie, haute moyenne et\nbasse justice sur lesquelles<\/p>\n\n\n\n<p>terres ledit Becquet n\u2019aurait fait\naucun batiment ni d\u00e9frichement<\/p>\n\n\n\n<p>N\u2019ayant point \u00e9t\u00e9 habit\u00e9e en aucune\nmani\u00e8re que ce soit, ce qui<\/p>\n\n\n\n<p>\u00c9tant contraire aux intentions&nbsp; de sa Majest\u00e9 port\u00e9es par les arr\u00eats de<\/p>\n\n\n\n<p>Son Conseil&nbsp; du 4 juin 1672 et 9 mai 1679. Nous suivant le\npouvoir<\/p>\n\n\n\n<p>Donn\u00e9 par sa Majest\u00e9 aux gouverneur\net intendant de ce pays contenu par<\/p>\n\n\n\n<p>Ses lettres patentes du 20 mai 1676 .\nAvons ledit d\u00e9funt Becquet<\/p>\n\n\n\n<p>D\u00e9clar\u00e9 d\u00e9chu du titre des\nconcessions des dites deux terres&nbsp;\nci-dessus<\/p>\n\n\n\n<p>\u00c0 lui accord\u00e9es Ce faisant Icelles et\nleurs d\u00e9pendances r\u00e9unies<\/p>\n\n\n\n<p>Au domaine de Sa Majest\u00e9&nbsp; pour en disposer par nous sous son bon\nplaisir comme nous<\/p>\n\n\n\n<p>le jugerons&nbsp; \u00e0 propos&nbsp;&nbsp;&nbsp;&nbsp;&nbsp;&nbsp;\nfait \u00e0 Qu\u00e9bec le 12 mars 1683 <\/p>\n\n\n\n<p>Sign\u00e9 Lefebvre de la Barre&nbsp;&nbsp;&nbsp;&nbsp;&nbsp;&nbsp;&nbsp;&nbsp;&nbsp; &nbsp;&nbsp;&nbsp;&nbsp;&nbsp;&nbsp;&nbsp;&nbsp;&nbsp;&nbsp;&nbsp;&nbsp;&nbsp;&nbsp;&nbsp;&nbsp;&nbsp;&nbsp;&nbsp;&nbsp;&nbsp;&nbsp;&nbsp;&nbsp;&nbsp;&nbsp;&nbsp;&nbsp;&nbsp;De Meulle<\/p>\n\n\n\n<p> &nbsp;&nbsp;&nbsp;&nbsp;&nbsp;&nbsp;&nbsp;&nbsp;&nbsp;&nbsp;&nbsp;&nbsp;&nbsp;&nbsp;&nbsp;&nbsp;&nbsp;&nbsp;&nbsp;&nbsp;&nbsp;&nbsp;&nbsp;&nbsp;&nbsp;&nbsp;&nbsp;&nbsp;&nbsp;&nbsp;&nbsp;&nbsp;&nbsp;&nbsp;&nbsp;&nbsp;&nbsp;&nbsp;&nbsp;&nbsp;&nbsp;&nbsp;&nbsp;&nbsp;&nbsp;&nbsp;&nbsp;&nbsp;&nbsp;&nbsp;&nbsp;&nbsp;&nbsp;&nbsp;&nbsp;&nbsp;&nbsp;&nbsp;&nbsp;&nbsp;&nbsp;&nbsp;&nbsp;&nbsp;&nbsp;&nbsp;&nbsp; Par moi dudit seigneur Regnault &#8220;<\/p>\n\n\n\n<p><em>NB&nbsp;: Jacques Regnault \u00e9tait secr\u00e9taire de Lefebvre de la Barre<\/em><\/p>\n\n\n\n<p><\/p>\n\n\n\n<p>De plus, une d\u00e9couverte r\u00e9alis\u00e9e apr\u00e8s de patientes\nrecherches men\u00e9es par monsieur Louis Poitras a permis d\u2019\u00e9lucider certains\npoints.<\/p>\n\n\n\n<p>En effet, monsieur Poitras a trouv\u00e9 un inventaire effectu\u00e9\npar le notaire Genaple de Bellefonds apr\u00e8s le d\u00e9c\u00e8s de Romain Becquet; cet\ninventaire d\u00e9taillait les avoirs du sieur Becquet dont deux seigneuries et\nfiefs, l\u2019\u00eele Madame, conc\u00e9d\u00e9e en 1672, et la future seigneurie L\u00e9vrard-Becquet conc\u00e9d\u00e9e\nle 26 octobre 1678 par le gouverneur Frontenac et le 10 f\u00e9vrier 1679 par\nl\u2019intendant Duchesneau. Le tout, confirm\u00e9 et officialis\u00e9 par le Conseil du Roy\nen mai 1679!<\/p>\n\n\n\n<figure class=\"wp-block-image\"><img loading=\"lazy\" decoding=\"async\" width=\"1024\" height=\"501\" src=\"https:\/\/shglb.com\/wp-content\/uploads\/inventaire-Becquet-1024x501.jpg\" alt=\"\" class=\"wp-image-1203\" srcset=\"https:\/\/shglb.com\/wp-content\/uploads\/inventaire-Becquet-1024x501.jpg 1024w, https:\/\/shglb.com\/wp-content\/uploads\/inventaire-Becquet-300x147.jpg 300w, https:\/\/shglb.com\/wp-content\/uploads\/inventaire-Becquet-768x375.jpg 768w\" sizes=\"auto, (max-width: 1024px) 100vw, 1024px\" \/><\/figure>\n\n\n\n<p>Pourquoi une concession en deux temps?? On sait que le comte de Frontenac avait un caract\u00e8re \u00abentier\u00bb, inflexible et parfois ex\u00e9crable; il voulait tout r\u00e9genter, imposer sa volont\u00e9, et il se heurtait souvent \u00e0 d\u2019autres personnages tout aussi rigides que lui-m\u00eame, comme Monseigneur de Laval, \u00e9v\u00eaque de Qu\u00e9bec, et l\u2019intendant Jacques Duchesneau.<\/p>\n\n\n\n<p>De fait, leurs querelles incessantes ont conduit le roi \u00e0\nrappeler Frontenac et Duchesneau en France; on peut imaginer que l\u2019intendant a\nrefus\u00e9 d\u2019apposer sa signature sur le document de concession en octobre 1678\npour d\u00e9montrer son pouvoir ou pour emb\u00eater (le mot est faible) Frontenac. Pour\nma part, je pense que ces deux motivations ont dict\u00e9 la conduite de Duchesneau.\nDe nos jours, les politiciens n\u2019agissent plus ainsi\u2026<\/p>\n\n\n\n<p>On comprend donc que l\u2019\u00eele Madame, situ\u00e9e au sud de l\u2019\u00eele d\u2019Orl\u00e9ans a \u00e9t\u00e9 conc\u00e9d\u00e9e en juin 1672 au notaire Romain Becquet et qu\u2019une \u00e9tendue de terre de deux lieues entre les seigneuries de\u00a0 Gentilly et de Deschaillons l\u2019a \u00e9t\u00e9 en plusieurs \u00e9tapes, d&#8217;octobre 1678 \u00e0 mai 1679. Cette seigneurie entre Gentilly et Deschaillons ayant \u00e9t\u00e9 conc\u00e9d\u00e9e par Frontenac et Duchesneau, n\u2019a pas pu voir le jour en 1672, car Duchesneau a \u00e9t\u00e9 nomm\u00e9 intendant du 1er ao\u00fbt 1675 au 9 octobre 1682.<\/p>\n\n\n\n<p>L\u2019erreur provient probablement du\nfait qu\u2019une lecture pas assez attentive ait laiss\u00e9 croire que l\u2019ensemble avait\n\u00e9t\u00e9 conc\u00e9d\u00e9 en 1672.<\/p>\n\n\n\n<p><em>Errare humanum est.<\/em><\/p>\n\n\n\n<p>Mais vous pouvez \u00eatre rassur\u00e9s;\nses deux filles ont obtenu dans les semaines suivantes un acte de reconcession.<\/p>\n\n\n\n<figure class=\"wp-block-image\"><img loading=\"lazy\" decoding=\"async\" width=\"771\" height=\"511\" src=\"https:\/\/shglb.com\/wp-content\/uploads\/Acte-de-reconcession-1683-1...jpg\" alt=\"\" class=\"wp-image-1196\" srcset=\"https:\/\/shglb.com\/wp-content\/uploads\/Acte-de-reconcession-1683-1...jpg 771w, https:\/\/shglb.com\/wp-content\/uploads\/Acte-de-reconcession-1683-1..-300x199.jpg 300w, https:\/\/shglb.com\/wp-content\/uploads\/Acte-de-reconcession-1683-1..-768x509.jpg 768w\" sizes=\"auto, (max-width: 771px) 100vw, 771px\" \/><\/figure>\n\n\n\n<figure class=\"wp-block-image\"><img loading=\"lazy\" decoding=\"async\" width=\"627\" height=\"1024\" src=\"https:\/\/shglb.com\/wp-content\/uploads\/Acte-de-reconcession-1683-2..-627x1024.jpg\" alt=\"\" class=\"wp-image-1197\" srcset=\"https:\/\/shglb.com\/wp-content\/uploads\/Acte-de-reconcession-1683-2..-627x1024.jpg 627w, https:\/\/shglb.com\/wp-content\/uploads\/Acte-de-reconcession-1683-2..-184x300.jpg 184w, https:\/\/shglb.com\/wp-content\/uploads\/Acte-de-reconcession-1683-2..-768x1254.jpg 768w, https:\/\/shglb.com\/wp-content\/uploads\/Acte-de-reconcession-1683-2...jpg 801w\" sizes=\"auto, (max-width: 627px) 100vw, 627px\" \/><\/figure>\n\n\n\n<figure class=\"wp-block-image\"><img loading=\"lazy\" decoding=\"async\" width=\"625\" height=\"1024\" src=\"https:\/\/shglb.com\/wp-content\/uploads\/Acte-de-reconcession-1683-3..-625x1024.jpg\" alt=\"\" class=\"wp-image-1198\" srcset=\"https:\/\/shglb.com\/wp-content\/uploads\/Acte-de-reconcession-1683-3..-625x1024.jpg 625w, https:\/\/shglb.com\/wp-content\/uploads\/Acte-de-reconcession-1683-3..-183x300.jpg 183w, https:\/\/shglb.com\/wp-content\/uploads\/Acte-de-reconcession-1683-3..-768x1257.jpg 768w, https:\/\/shglb.com\/wp-content\/uploads\/Acte-de-reconcession-1683-3...jpg 783w\" sizes=\"auto, (max-width: 625px) 100vw, 625px\" \/><\/figure>\n\n\n\n<figure class=\"wp-block-image\"><img loading=\"lazy\" decoding=\"async\" width=\"634\" height=\"1024\" src=\"https:\/\/shglb.com\/wp-content\/uploads\/Acte-de-reconcession-1683-4..-634x1024.jpg\" alt=\"\" class=\"wp-image-1199\" srcset=\"https:\/\/shglb.com\/wp-content\/uploads\/Acte-de-reconcession-1683-4..-634x1024.jpg 634w, https:\/\/shglb.com\/wp-content\/uploads\/Acte-de-reconcession-1683-4..-186x300.jpg 186w, https:\/\/shglb.com\/wp-content\/uploads\/Acte-de-reconcession-1683-4..-768x1240.jpg 768w, https:\/\/shglb.com\/wp-content\/uploads\/Acte-de-reconcession-1683-4...jpg 807w\" sizes=\"auto, (max-width: 634px) 100vw, 634px\" \/><\/figure>\n\n\n\n<figure class=\"wp-block-image\"><img loading=\"lazy\" decoding=\"async\" width=\"612\" height=\"1024\" src=\"https:\/\/shglb.com\/wp-content\/uploads\/Acte-de-reconcession-1683-5...-612x1024.jpg\" alt=\"\" class=\"wp-image-1200\" srcset=\"https:\/\/shglb.com\/wp-content\/uploads\/Acte-de-reconcession-1683-5...-612x1024.jpg 612w, https:\/\/shglb.com\/wp-content\/uploads\/Acte-de-reconcession-1683-5...-179x300.jpg 179w, https:\/\/shglb.com\/wp-content\/uploads\/Acte-de-reconcession-1683-5...-768x1286.jpg 768w, https:\/\/shglb.com\/wp-content\/uploads\/Acte-de-reconcession-1683-5....jpg 792w\" sizes=\"auto, (max-width: 612px) 100vw, 612px\" \/><\/figure>\n\n\n\n<p>Alain Manset, soci\u00e9t\u00e9 d\u2019histoire et de g\u00e9n\u00e9alogie L\u00e9vrard-Becquet<\/p>\n\n\n\n<p><\/p>\n","protected":false},"excerpt":{"rendered":"<p>La seigneurie L\u00e9vrard-Becquet a-t-elle \u00e9t\u00e9 conc\u00e9d\u00e9e en 1672 ou 1679? La tradition veut que la concession de la seigneurie de St-Pierre ait \u00e9t\u00e9 accord\u00e9e en 1672; cette date est inscrite un peu partout, sites d\u2019histoire, livres savants, pancartes \u00e0 l\u2019entr\u00e9e de municipalit\u00e9. Cette date est exacte en ce qui concerne le premier fief ou seigneurie [&hellip;]<\/p>\n","protected":false},"author":2,"featured_media":0,"comment_status":"open","ping_status":"open","sticky":false,"template":"","format":"standard","meta":{"footnotes":""},"categories":[22],"tags":[],"class_list":["post-1181","post","type-post","status-publish","format-standard","hentry","category-histoire-generale-de-la-seigneurie"],"_links":{"self":[{"href":"https:\/\/shglb.com\/index.php\/wp-json\/wp\/v2\/posts\/1181","targetHints":{"allow":["GET"]}}],"collection":[{"href":"https:\/\/shglb.com\/index.php\/wp-json\/wp\/v2\/posts"}],"about":[{"href":"https:\/\/shglb.com\/index.php\/wp-json\/wp\/v2\/types\/post"}],"author":[{"embeddable":true,"href":"https:\/\/shglb.com\/index.php\/wp-json\/wp\/v2\/users\/2"}],"replies":[{"embeddable":true,"href":"https:\/\/shglb.com\/index.php\/wp-json\/wp\/v2\/comments?post=1181"}],"version-history":[{"count":5,"href":"https:\/\/shglb.com\/index.php\/wp-json\/wp\/v2\/posts\/1181\/revisions"}],"predecessor-version":[{"id":1211,"href":"https:\/\/shglb.com\/index.php\/wp-json\/wp\/v2\/posts\/1181\/revisions\/1211"}],"wp:attachment":[{"href":"https:\/\/shglb.com\/index.php\/wp-json\/wp\/v2\/media?parent=1181"}],"wp:term":[{"taxonomy":"category","embeddable":true,"href":"https:\/\/shglb.com\/index.php\/wp-json\/wp\/v2\/categories?post=1181"},{"taxonomy":"post_tag","embeddable":true,"href":"https:\/\/shglb.com\/index.php\/wp-json\/wp\/v2\/tags?post=1181"}],"curies":[{"name":"wp","href":"https:\/\/api.w.org\/{rel}","templated":true}]}}